{"id":21398,"date":"2024-12-23T20:02:32","date_gmt":"2024-12-23T19:02:32","guid":{"rendered":"https:\/\/www.metamorfozis.pl\/?p=21398"},"modified":"2024-12-23T20:26:37","modified_gmt":"2024-12-23T19:26:37","slug":"matryca-energetyczna","status":"publish","type":"post","link":"https:\/\/www.metamorfozis.pl\/en\/matryca-energetyczna\/","title":{"rendered":"Matryca energetyczna"},"content":{"rendered":"<p>Matryca energetyczna, zgodnie z twierdzeniami <strong>Gregga Bradena<\/strong>, to niewidzialna sie\u0107, kt\u00f3ra \u0142\u0105czy wszystkie aspekty naszej rzeczywisto\u015bci \u2013 od fizycznej materii po nasze emocje, my\u015bli i intencje. Braden sugeruje, \u017ce jest to &#8222;boska matryca&#8221;, kt\u00f3ra organizuje energi\u0119 we wszech\u015bwiecie, a nasza \u015bwiadomo\u015b\u0107 mo\u017ce wp\u0142ywa\u0107 na jej struktur\u0119, kszta\u0142tuj\u0105c nasz\u0105 rzeczywisto\u015b\u0107 w spos\u00f3b, kt\u00f3ry wykracza poza tradycyjne postrzeganie. Z jego perspektywy, poprzez zrozumienie i harmonizowanie tej matrycy, mo\u017cemy aktywnie wsp\u00f3\u0142tworzy\u0107 nasze \u017cycie.<\/p>\n\n\n\n<p class=\"has-text-align-right\"><strong>David Hawkins<\/strong>, w swojej teorii \u015bwiadomo\u015bci, wskazuje, \u017ce matryca energetyczna jest tak\u017ce odzwierciedleniem zbiorowej \u015bwiadomo\u015bci ludzko\u015bci. Hawkins podkre\u015bla, \u017ce nasza \u015bwiadomo\u015b\u0107, zar\u00f3wno indywidualna, jak i zbiorowa, emituje okre\u015blon\u0105 cz\u0119stotliwo\u015b\u0107, kt\u00f3ra wp\u0142ywa na \u015bwiat. Zmiana naszej wibracji (np. poprzez podnoszenie poziomu \u015bwiadomo\u015bci) ma moc transformowania tej matrycy, a tym samym wp\u0142ywania na nasz\u0105 rzeczywisto\u015b\u0107 osobist\u0105 i globaln\u0105.<\/p>\n\n\n\n<p>Z kolei <strong>fizyka kwantowa<\/strong> dostarcza naukowego fundamentu tej idei. Zjawiska kwantowe, takie jak <strong>kwantowa nielokalno\u015b\u0107<\/strong> i <strong>zjawisko spl\u0105tania<\/strong>, sugeruj\u0105, \u017ce wszystko we wszech\u015bwiecie jest ze sob\u0105 powi\u0105zane na g\u0142\u0119bokim, energetycznym poziomie. Cz\u0105stki, kt\u00f3re s\u0105 oddzielone przestrzennie, mog\u0105 wp\u0142ywa\u0107 na siebie nawzajem w spos\u00f3b, kt\u00f3ry nie jest mo\u017cliwy do wyja\u015bnienia w ramach klasycznej fizyki. Ta nielokalna sie\u0107 powi\u0105za\u0144 jest podobna do poj\u0119cia matrycy energetycznej, w kt\u00f3rej ka\u017cda my\u015bl i intencja jest &#8222;cz\u0105stk\u0105&#8221; wp\u0142ywaj\u0105c\u0105 na ca\u0142o\u015b\u0107, co otwiera drog\u0119 do manipulacji rzeczywisto\u015bci\u0105 poprzez \u015bwiadome dzia\u0142anie.<\/p>\n\n\n\n<p class=\"has-text-align-right\"><strong>Wsp\u00f3lnie, te trzy podej\u015bcia \u2013 duchowe, psychologiczne i kwantowe \u2013 ukazuj\u0105 matryc\u0119 energetyczn\u0105 jako dynamiczn\u0105, \u017cyw\u0105 sie\u0107, w kt\u00f3rej ludzka \u015bwiadomo\u015b\u0107 ma moc oddzia\u0142ywania na energetyczne fundamenty wszech\u015bwiata.<\/strong><\/p>","protected":false},"excerpt":{"rendered":"<p>Matryca energetyczna, zgodnie z twierdzeniami Gregga Bradena, to niewidzialna sie\u0107, kt\u00f3ra \u0142\u0105czy wszystkie aspekty naszej rzeczywisto\u015bci \u2013 od fizycznej materii po nasze emocje, my\u015bli i intencje. Braden sugeruje, \u017ce jest to &#8222;boska matryca&#8221;, kt\u00f3ra organizuje energi\u0119 we wszech\u015bwiecie, a nasza \u015bwiadomo\u015b\u0107 mo\u017ce wp\u0142ywa\u0107 na jej struktur\u0119, kszta\u0142tuj\u0105c nasz\u0105 rzeczywisto\u015b\u0107 w spos\u00f3b, kt\u00f3ry wykracza poza tradycyjne [&hellip;]<\/p>\n","protected":false},"author":1,"featured_media":0,"comment_status":"closed","ping_status":"closed","sticky":false,"template":"","format":"standard","meta":{"footnotes":""},"categories":[337],"tags":[339,340,338,334,336],"class_list":["post-21398","post","type-post","status-publish","format-standard","hentry","category-matryca-energetyczna","tag-david-hawkins","tag-fizyka-kwantowa","tag-gregg-braden","tag-matryca","tag-matryca-energetyczna"],"_links":{"self":[{"href":"https:\/\/www.metamorfozis.pl\/en\/wp-json\/wp\/v2\/posts\/21398","targetHints":{"allow":["GET"]}}],"collection":[{"href":"https:\/\/www.metamorfozis.pl\/en\/wp-json\/wp\/v2\/posts"}],"about":[{"href":"https:\/\/www.metamorfozis.pl\/en\/wp-json\/wp\/v2\/types\/post"}],"author":[{"embeddable":true,"href":"https:\/\/www.metamorfozis.pl\/en\/wp-json\/wp\/v2\/users\/1"}],"replies":[{"embeddable":true,"href":"https:\/\/www.metamorfozis.pl\/en\/wp-json\/wp\/v2\/comments?post=21398"}],"version-history":[{"count":2,"href":"https:\/\/www.metamorfozis.pl\/en\/wp-json\/wp\/v2\/posts\/21398\/revisions"}],"predecessor-version":[{"id":21420,"href":"https:\/\/www.metamorfozis.pl\/en\/wp-json\/wp\/v2\/posts\/21398\/revisions\/21420"}],"wp:attachment":[{"href":"https:\/\/www.metamorfozis.pl\/en\/wp-json\/wp\/v2\/media?parent=21398"}],"wp:term":[{"taxonomy":"category","embeddable":true,"href":"https:\/\/www.metamorfozis.pl\/en\/wp-json\/wp\/v2\/categories?post=21398"},{"taxonomy":"post_tag","embeddable":true,"href":"https:\/\/www.metamorfozis.pl\/en\/wp-json\/wp\/v2\/tags?post=21398"}],"curies":[{"name":"wp","href":"https:\/\/api.w.org\/{rel}","templated":true}]}}