{"id":27979,"date":"2025-06-12T13:23:27","date_gmt":"2025-06-12T11:23:27","guid":{"rendered":"https:\/\/www.metamorfozis.pl\/?p=27979"},"modified":"2025-06-12T13:23:28","modified_gmt":"2025-06-12T11:23:28","slug":"wieczorna-kawka-z-ania-wieczor-drugi","status":"publish","type":"post","link":"https:\/\/www.metamorfozis.pl\/en\/wieczorna-kawka-z-ania-wieczor-drugi\/","title":{"rendered":"Wieczorna kawka z Ani\u0105 &#8211; wiecz\u00f3r drugi"},"content":{"rendered":"<p><strong>Mamy za sob\u0105 wiecz\u00f3r pierwszy &#8230;<\/strong><\/p>\n\n\n\n<p><strong>a razem z nim troch\u0119 wi\u0119cej informacji o w\u0119dr\u00f3wce duszy i cia\u0142ach subtelnych. Zapraszamy na Wiecz\u00f3r Drugi!<\/strong><\/p>\n\n\n\n<p>Dzisiaj porozmawiamy o czakrach i troszk\u0119 o wzajemnym wsp\u00f3\u0142istnieniu w parze \ud83d\ude42<\/p>\n\n\n\n<p><a href=\"https:\/\/events.teams.microsoft.com\/event\/8b6a9c1b-8610-4797-8500-4395c5080f8e@2ef37494-77e5-4f24-99ad-535bf2170b8c\" target=\"_blank\" rel=\"noreferrer noopener\">ZAPISZ SI\u0118 NA WIECZ\u00d3R DRUGI<\/a><\/p>\n\n\n\n<p>Kilka informacji organizacyjnych:<\/p>\n\n\n\n<ol class=\"wp-block-list\">\n<li>Spotkanie b\u0119dzie rejestrowane. Nagranie zostanie udost\u0119pnione uczestnikom po spotkaniu.<\/li>\n\n\n\n<li>Podczas spotkania prosimy o wyciszenie mikrofon\u00f3w. Mo\u017cliwo\u015b\u0107 korzystania z kamer b\u0119dzie zablokowana w pierwszej cz\u0119\u015bci spotkania.\u00a0<\/li>\n\n\n\n<li>Podczas spotkania b\u0119dzie dost\u0119pny czat oraz Sekcja pyta\u0144 i odpowiedzi. Prosimy wpisywa\u0107 pytania na bie\u017c\u0105co, \u017ceby nie umkn\u0119\u0142y. Ania b\u0119dzie odpowiada\u0107 od razu lub p\u00f3\u017aniej \ud83d\ude42<\/li>\n\n\n\n<li>Twoja nazwa mo\u017ce by\u0107 widoczna dla innych u\u017cytkownik\u00f3w. Je\u015bli nie chcesz aby tak by\u0142o zmie\u0144 nazw\u0119 przy do\u0142\u0105czeniu.<\/li>\n\n\n\n<li>w przypadku problem\u00f3w technicznych prosz\u0119 o telefon\/whatsapp na numer +48 889 071 410<\/li>\n<\/ol>\n\n\n\n<p>Micha\u0142 jest do Waszej dyspozycji od 17.30. Spr\u00f3bujcie si\u0119 po\u0142\u0105czy\u0107 w tym czasie, \u017ceby\u015bmy mieli jasno\u015b\u0107, \u017ce Wasze po\u0142\u0105czenie dzia\u0142a. W przypadku problem\u00f3w prosz\u0119 dzwoni\u0107. Je\u015bli mo\u017cecie to zainstalujcie Teamsy na komputerze. Wczorajszy dzie\u0144 pokaza\u0142, \u017ce nie zawsze przegl\u0105darka dzia\u0142a dobrze.<\/p>\n\n\n\n<p><\/p>\n\n\n\n<ul class=\"wp-block-list\">\n<li>Spotkania zaczynaj\u0105 si\u0119 11 czerwca 2025 roku o godz. 18<sup>00<\/sup>. <\/li>\n\n\n\n<li>Spotykamy si\u0119 na platformie MS Teams.<\/li>\n\n\n\n<li>Spotkania odbywaj\u0105 si\u0119 2 razy w tygodniu: w \u015brody i czwartki.<\/li>\n\n\n\n<li>Spotkania trwaj\u0105 od 18<sup>00<\/sup> do 21<sup>00<\/sup>.<\/li>\n\n\n\n<li>Koszt udzia\u0142u w spotkaniu to 50 z\u0142 :).<\/li>\n\n\n\n<li>Zapisy: +48 603 644 544<\/li>\n<\/ul>\n\n\n\n<p class=\"has-text-align-right\"><em>Zapraszam &#8211; Anna Wojtowicz-Pancerz<\/em><\/p>\n\n\n\n<p><strong>Aby zapisa\u0107 si\u0119 na dzisiejszy wiecz\u00f3r skorzystaj z tego linku: <a href=\"https:\/\/events.teams.microsoft.com\/event\/d6301ead-74bf-4ce3-bed6-d160aedaa795@2ef37494-77e5-4f24-99ad-535bf2170b8c\/registration\" target=\"_blank\" rel=\"noreferrer noopener\"><a href=\"https:\/\/events.teams.microsoft.com\/event\/8b6a9c1b-8610-4797-8500-4395c5080f8e@2ef37494-77e5-4f24-99ad-535bf2170b8c\" target=\"_blank\" rel=\"noreferrer noopener\">ZAPISZ SI\u0118 NA WIECZ\u00d3R DRUGI<\/a><\/a><\/strong><\/p>\n\n\n\n<p><\/p>","protected":false},"excerpt":{"rendered":"<p>Mamy za sob\u0105 wiecz\u00f3r pierwszy &#8230; a razem z nim troch\u0119 wi\u0119cej informacji o w\u0119dr\u00f3wce duszy i cia\u0142ach subtelnych. Zapraszamy na Wiecz\u00f3r Drugi! Dzisiaj porozmawiamy o czakrach i troszk\u0119 o wzajemnym wsp\u00f3\u0142istnieniu w parze \ud83d\ude42 ZAPISZ SI\u0118 NA WIECZ\u00d3R DRUGI Kilka informacji organizacyjnych: Micha\u0142 jest do Waszej dyspozycji od 17.30. Spr\u00f3bujcie si\u0119 po\u0142\u0105czy\u0107 w tym [&hellip;]<\/p>\n","protected":false},"author":1,"featured_media":0,"comment_status":"closed","ping_status":"closed","sticky":false,"template":"","format":"standard","meta":{"footnotes":""},"categories":[346],"tags":[344,334,345],"class_list":["post-27979","post","type-post","status-publish","format-standard","hentry","category-spotkanie","tag-czakry","tag-matryca","tag-numerologia"],"_links":{"self":[{"href":"https:\/\/www.metamorfozis.pl\/en\/wp-json\/wp\/v2\/posts\/27979","targetHints":{"allow":["GET"]}}],"collection":[{"href":"https:\/\/www.metamorfozis.pl\/en\/wp-json\/wp\/v2\/posts"}],"about":[{"href":"https:\/\/www.metamorfozis.pl\/en\/wp-json\/wp\/v2\/types\/post"}],"author":[{"embeddable":true,"href":"https:\/\/www.metamorfozis.pl\/en\/wp-json\/wp\/v2\/users\/1"}],"replies":[{"embeddable":true,"href":"https:\/\/www.metamorfozis.pl\/en\/wp-json\/wp\/v2\/comments?post=27979"}],"version-history":[{"count":1,"href":"https:\/\/www.metamorfozis.pl\/en\/wp-json\/wp\/v2\/posts\/27979\/revisions"}],"predecessor-version":[{"id":27980,"href":"https:\/\/www.metamorfozis.pl\/en\/wp-json\/wp\/v2\/posts\/27979\/revisions\/27980"}],"wp:attachment":[{"href":"https:\/\/www.metamorfozis.pl\/en\/wp-json\/wp\/v2\/media?parent=27979"}],"wp:term":[{"taxonomy":"category","embeddable":true,"href":"https:\/\/www.metamorfozis.pl\/en\/wp-json\/wp\/v2\/categories?post=27979"},{"taxonomy":"post_tag","embeddable":true,"href":"https:\/\/www.metamorfozis.pl\/en\/wp-json\/wp\/v2\/tags?post=27979"}],"curies":[{"name":"wp","href":"https:\/\/api.w.org\/{rel}","templated":true}]}}