{"id":27993,"date":"2025-06-23T20:29:41","date_gmt":"2025-06-23T18:29:41","guid":{"rendered":"https:\/\/www.metamorfozis.pl\/?p=27993"},"modified":"2025-06-23T20:29:42","modified_gmt":"2025-06-23T18:29:42","slug":"wieczorna-kawka-z-ania-wieczor-szosty","status":"publish","type":"post","link":"https:\/\/www.metamorfozis.pl\/en\/wieczorna-kawka-z-ania-wieczor-szosty\/","title":{"rendered":"Wieczorna kawka z Ani\u0105 &#8211; wiecz\u00f3r sz\u00f3sty"},"content":{"rendered":"<p><strong>Mamy za sob\u0105 dwa wieczory &#8230;<\/strong><\/p>\n\n\n\n<p>ZAPISZ SI\u0118 NA WIECZ\u00d3R SZ\u00d3STY <a href=\"https:\/\/events.teams.microsoft.com\/event\/801141d1-f143-453d-bdda-c6f82ac8dbea@2ef37494-77e5-4f24-99ad-535bf2170b8c\" data-type=\"link\" data-id=\"https:\/\/events.teams.microsoft.com\/event\/bc153585-565d-4481-b183-853eddc8a9e1@2ef37494-77e5-4f24-99ad-535bf2170b8c\" target=\"_blank\" rel=\"noreferrer noopener\">TUTAJ &#8211; ZAPISY NA WIECZORNA KAWKA Z ANI\u0104 &#8211; WIECZ\u00d3R SZ\u00d3STY<\/a><\/p>\n\n\n\n<p><strong>Mamy za sob\u0105 ju\u017c cztery wieczory \u2026<\/strong><\/p>\n\n\n\n<p><strong>a razem z nimi troch\u0119 wi\u0119cej informacji o w\u0119dr\u00f3wce duszy, cia\u0142ach subtelnych, czakrach i wsp\u00f3\u0142istnieniu w zwi\u0105zku.<\/strong><\/p>\n\n\n\n<p><strong>Poznali\u015bmy spos\u00f3b programowania pod\u015bwiadomo\u015bci w relacji z rodzicami oraz realizacj\u0119 pod\u015bwiadomych program\u00f3w przez do\u015bwiadczanie relacji w zwi\u0105zkach.<\/strong><\/p>\n\n\n\n<p><strong>&nbsp;Zapraszam na Wiecz\u00f3r Pi\u0105ty i Sz\u00f3sty!<\/strong><\/p>\n\n\n\n<p>B\u0119dziemy w dalszym ci\u0105gu omawia\u0107 na konkretnych przyk\u0142adach:<\/p>\n\n\n\n<ol class=\"wp-block-list\">\n<li>jak wygl\u0105da programowanie pod\u015bwiadomo\u015bci w relacjach z rodzicami,<\/li>\n\n\n\n<li>jak Twoja dusza projektuje sw\u00f3j rozw\u00f3j przez \u017cyciowe do\u015bwiadczenia w relacjach partnerskich i relacjach z dzie\u0107mi.<\/li>\n<\/ol>\n\n\n\n<p>B\u0119dziemy przygotowywa\u0107 si\u0119 do pracy nad przeprogramowywaniem w\u0142asnej pod\u015bwiadomo\u015bci metod\u0105 wizualizacji i autohipnozy.<\/p>\n\n\n\n<p>Kilka informacji organizacyjnych:<\/p>\n\n\n\n<ol class=\"wp-block-list\">\n<li>Spotkanie b\u0119dzie rejestrowane. Nagranie zostanie udost\u0119pnione uczestnikom po spotkaniu.<\/li>\n\n\n\n<li>Podczas pierwszej cz\u0119\u015bci spotkania mo\u017cliwo\u015b\u0107 korzystania z kamer i mikrofon\u00f3w b\u0119dzie zablokowana.&nbsp;<\/li>\n\n\n\n<li>Podczas spotkania b\u0119dzie dost\u0119pny czat oraz Sekcja pyta\u0144 i odpowiedzi. Prosimy wpisywa\u0107 pytania na bie\u017c\u0105co, \u017ceby nie umkn\u0119\u0142y. Ania b\u0119dzie odpowiada\u0107 od razu lub p\u00f3\u017aniej \ud83d\ude42<\/li>\n\n\n\n<li>Nazwy u\u017cytkownik\u00f3w s\u0105 ukryte. Widzi je tylko Ania i Micha\u0142.<\/li>\n\n\n\n<li>W przypadku problem\u00f3w technicznych prosz\u0119 o telefon\/whatsapp na numer +48 889 071 410<\/li>\n<\/ol>\n\n\n\n<p>Micha\u0142 jest do Waszej dyspozycji od 17.30. Spr\u00f3bujcie si\u0119 po\u0142\u0105czy\u0107 w tym czasie, \u017ceby\u015bmy mieli jasno\u015b\u0107, \u017ce Wasze po\u0142\u0105czenie dzia\u0142a. W przypadku problem\u00f3w prosz\u0119 dzwoni\u0107. Je\u015bli mo\u017cecie to zainstalujcie Teamsy na komputerze.&nbsp;<\/p>\n\n\n\n<p>ZAPISZ SI\u0118 NA WIECZ\u00d3R SZ\u00d3STY <a href=\"https:\/\/events.teams.microsoft.com\/event\/801141d1-f143-453d-bdda-c6f82ac8dbea@2ef37494-77e5-4f24-99ad-535bf2170b8c\" data-type=\"link\" data-id=\"https:\/\/events.teams.microsoft.com\/event\/bc153585-565d-4481-b183-853eddc8a9e1@2ef37494-77e5-4f24-99ad-535bf2170b8c\" target=\"_blank\" rel=\"noreferrer noopener\">TUTAJ &#8211; ZAPISY NA WIECZORNA KAWKA Z ANI\u0104 &#8211; WIECZ\u00d3R SZ\u00d3STY<\/a><\/p>\n\n\n\n<p class=\"has-text-align-right\"><em>Zapraszam &#8211; Anna Wojtowicz-Pancerz<\/em><\/p>\n\n\n\n<p><\/p>","protected":false},"excerpt":{"rendered":"<p>Mamy za sob\u0105 dwa wieczory &#8230; ZAPISZ SI\u0118 NA WIECZ\u00d3R SZ\u00d3STY TUTAJ &#8211; ZAPISY NA WIECZORNA KAWKA Z ANI\u0104 &#8211; WIECZ\u00d3R SZ\u00d3STY Mamy za sob\u0105 ju\u017c cztery wieczory \u2026 a razem z nimi troch\u0119 wi\u0119cej informacji o w\u0119dr\u00f3wce duszy, cia\u0142ach subtelnych, czakrach i wsp\u00f3\u0142istnieniu w zwi\u0105zku. Poznali\u015bmy spos\u00f3b programowania pod\u015bwiadomo\u015bci w relacji z rodzicami oraz [&hellip;]<\/p>\n","protected":false},"author":1,"featured_media":0,"comment_status":"closed","ping_status":"closed","sticky":false,"template":"","format":"standard","meta":{"footnotes":""},"categories":[346],"tags":[344,334,345],"class_list":["post-27993","post","type-post","status-publish","format-standard","hentry","category-spotkanie","tag-czakry","tag-matryca","tag-numerologia"],"_links":{"self":[{"href":"https:\/\/www.metamorfozis.pl\/en\/wp-json\/wp\/v2\/posts\/27993","targetHints":{"allow":["GET"]}}],"collection":[{"href":"https:\/\/www.metamorfozis.pl\/en\/wp-json\/wp\/v2\/posts"}],"about":[{"href":"https:\/\/www.metamorfozis.pl\/en\/wp-json\/wp\/v2\/types\/post"}],"author":[{"embeddable":true,"href":"https:\/\/www.metamorfozis.pl\/en\/wp-json\/wp\/v2\/users\/1"}],"replies":[{"embeddable":true,"href":"https:\/\/www.metamorfozis.pl\/en\/wp-json\/wp\/v2\/comments?post=27993"}],"version-history":[{"count":2,"href":"https:\/\/www.metamorfozis.pl\/en\/wp-json\/wp\/v2\/posts\/27993\/revisions"}],"predecessor-version":[{"id":27995,"href":"https:\/\/www.metamorfozis.pl\/en\/wp-json\/wp\/v2\/posts\/27993\/revisions\/27995"}],"wp:attachment":[{"href":"https:\/\/www.metamorfozis.pl\/en\/wp-json\/wp\/v2\/media?parent=27993"}],"wp:term":[{"taxonomy":"category","embeddable":true,"href":"https:\/\/www.metamorfozis.pl\/en\/wp-json\/wp\/v2\/categories?post=27993"},{"taxonomy":"post_tag","embeddable":true,"href":"https:\/\/www.metamorfozis.pl\/en\/wp-json\/wp\/v2\/tags?post=27993"}],"curies":[{"name":"wp","href":"https:\/\/api.w.org\/{rel}","templated":true}]}}