{"id":28088,"date":"2025-07-19T12:51:49","date_gmt":"2025-07-19T10:51:49","guid":{"rendered":"https:\/\/www.metamorfozis.pl\/?p=28088"},"modified":"2025-07-19T12:55:41","modified_gmt":"2025-07-19T10:55:41","slug":"sesje-terapii-indywidualnej","status":"publish","type":"post","link":"https:\/\/www.metamorfozis.pl\/en\/sesje-terapii-indywidualnej\/","title":{"rendered":"Sesje terapii indywidualnej"},"content":{"rendered":"<p>Kochani! Od dzisiaj ju\u017c mo\u017cna umawia\u0107 si\u0119 na <a href=\"https:\/\/www.metamorfozis.pl\/en\/uslugi\/sesja-terapii-indywidualnej\/\" data-type=\"page\" data-id=\"27999\">sesje terapii indywidualnej<\/a> korzystaj\u0105c z Kalendarza na stronie.<\/p>\n\n\n\n<p>Wszystkich zainteresowanych indywidualn\u0105 prac\u0105 zapraszam do um\u00f3wienia si\u0119 na sesj\u0119. Pracujemy indywidualnie r\u00f3wnie\u017c w obszarach, kt\u00f3re do tej pory realizowa\u0142am tylko w formie warsztatowej.<\/p>\n\n\n\n<p>Zapraszam!<\/p>\n\n\n\n<blockquote class=\"wp-block-quote is-layout-flow wp-block-quote-is-layout-flow\">\n<p>Anna<\/p>\n<\/blockquote>\n\n\n\n<div class=\"wp-block-buttons is-content-justification-right is-layout-flex wp-container-core-buttons-is-layout-765c4724 wp-block-buttons-is-layout-flex\">\n<div class=\"wp-block-button has-custom-width wp-block-button__width-50 is-style-outline is-style-outline--1\"><a class=\"wp-block-button__link has-colibri-color-6-color has-colibri-color-2-background-color has-text-color has-background has-link-color has-custom-font-size wp-element-button\" href=\"https:\/\/www.metamorfozis.pl\/en\/rezerwacje-sesji\/\" style=\"border-radius:10px;font-size:17px\">Zarezerwuj termin sesji<\/a><\/div>\n<\/div>\n\n\n\n<p><\/p>","protected":false},"excerpt":{"rendered":"<p>Kochani! Od dzisiaj ju\u017c mo\u017cna umawia\u0107 si\u0119 na sesje terapii indywidualnej korzystaj\u0105c z Kalendarza na stronie. Wszystkich zainteresowanych indywidualn\u0105 prac\u0105 zapraszam do um\u00f3wienia si\u0119 na sesj\u0119. Pracujemy indywidualnie r\u00f3wnie\u017c w obszarach, kt\u00f3re do tej pory realizowa\u0142am tylko w formie warsztatowej. Zapraszam! Anna<\/p>","protected":false},"author":1,"featured_media":0,"comment_status":"closed","ping_status":"closed","sticky":false,"template":"","format":"standard","meta":{"footnotes":""},"categories":[1],"tags":[348,347],"class_list":["post-28088","post","type-post","status-publish","format-standard","hentry","category-bez-kategorii","tag-sesja","tag-terapia"],"_links":{"self":[{"href":"https:\/\/www.metamorfozis.pl\/en\/wp-json\/wp\/v2\/posts\/28088","targetHints":{"allow":["GET"]}}],"collection":[{"href":"https:\/\/www.metamorfozis.pl\/en\/wp-json\/wp\/v2\/posts"}],"about":[{"href":"https:\/\/www.metamorfozis.pl\/en\/wp-json\/wp\/v2\/types\/post"}],"author":[{"embeddable":true,"href":"https:\/\/www.metamorfozis.pl\/en\/wp-json\/wp\/v2\/users\/1"}],"replies":[{"embeddable":true,"href":"https:\/\/www.metamorfozis.pl\/en\/wp-json\/wp\/v2\/comments?post=28088"}],"version-history":[{"count":3,"href":"https:\/\/www.metamorfozis.pl\/en\/wp-json\/wp\/v2\/posts\/28088\/revisions"}],"predecessor-version":[{"id":28091,"href":"https:\/\/www.metamorfozis.pl\/en\/wp-json\/wp\/v2\/posts\/28088\/revisions\/28091"}],"wp:attachment":[{"href":"https:\/\/www.metamorfozis.pl\/en\/wp-json\/wp\/v2\/media?parent=28088"}],"wp:term":[{"taxonomy":"category","embeddable":true,"href":"https:\/\/www.metamorfozis.pl\/en\/wp-json\/wp\/v2\/categories?post=28088"},{"taxonomy":"post_tag","embeddable":true,"href":"https:\/\/www.metamorfozis.pl\/en\/wp-json\/wp\/v2\/tags?post=28088"}],"curies":[{"name":"wp","href":"https:\/\/api.w.org\/{rel}","templated":true}]}}