{"id":28326,"date":"2026-03-04T14:43:59","date_gmt":"2026-03-04T13:43:59","guid":{"rendered":"https:\/\/www.metamorfozis.pl\/?p=28326"},"modified":"2026-03-04T22:05:24","modified_gmt":"2026-03-04T21:05:24","slug":"zapach-jako-wsparcie-w-pracy-terapeutycznej-z-wlasna-matryca","status":"publish","type":"post","link":"https:\/\/www.metamorfozis.pl\/en\/zapach-jako-wsparcie-w-pracy-terapeutycznej-z-wlasna-matryca\/","title":{"rendered":"Zapach jako wsparcie w pracy terapeutycznej z w\u0142asn\u0105 matryc\u0105"},"content":{"rendered":"<p>Mo\u017ce jeszcze nie wiesz, ale od  ponad 20 lat zajmuj\u0119 si\u0119 doradztwem \u017cyciowym z wykorzystaniem niekonwencjonalnych metod. W swojej autorskiej metodzie pracy z w\u0142asn\u0105 matryc\u0105 energetyczn\u0105 odkrywam natur\u0119 mojego Klienta, jego talenty i wyzwania zaplanowane do do\u015bwiadczenia w tym wcieleniu. Wi\u0119cej o tym mo\u017cesz przeczyta\u0107 w tek\u015bcie o <a href=\"https:\/\/www.metamorfozis.pl\/en\/metoda-metamorfozis\/\" data-type=\"page\" data-id=\"26766\">Metodzie Metamorfozis<\/a>.<\/p>\n\n\n\n<p>Traktuj\u0105c w pracy z Klientem cz\u0142owieka jako cudown\u0105 energetyczn\u0105 struktur\u0119, w ka\u017cdym przypadku bardzo indywidualn\u0105, wspomagam Klienta d\u017awi\u0119kiem i zapachem \u2013 starannie dobranymi do zdiagnozowanych wcze\u015bniej potrzeb.<\/p>\n\n\n\n<p><strong>Co daje zapach?<\/strong> <strong>Dlaczego korzystam z olejk\u00f3w?<\/strong><\/p>\n\n\n\n<p>Wprowadzane w przestrze\u0144 energetyczn\u0105 (cia\u0142o emocjonalne) wibracje olejk\u00f3w:<\/p>\n\n\n\n<ul class=\"wp-block-list\">\n<li>przyspieszaj\u0105 transformacj\u0119 emocjonaln\u0105 i duchow\u0105,<\/li>\n\n\n\n<li>prowokuj\u0105 rozumienie \u017cyciowych do\u015bwiadcze\u0144 i \u0142agodzenie zwi\u0105zanych ze zmianami \u017cyciowymi emocji,<\/li>\n\n\n\n<li>sprzyjaj\u0105 tworzeniu harmonii i r\u00f3wnowagi przez porz\u0105dkowanie przep\u0142ywu energii przez kana\u0142 energetyczny.<\/li>\n<\/ul>\n\n\n\n<p>Powstaj\u0105ca w strukturze energetycznej (cia\u0142a emocjonalnego) i utrzymuj\u0105ca si\u0119 przez d\u0142u\u017cszy czas r\u00f3wnowaga sprzyja poprawie zdrowia cia\u0142a fizycznego i uaktywnia si\u0142y \u017cyciowe \u2013 prowokuj\u0105c entuzjazm do dalszego do\u015bwiadczania ziemskiego \u017cycia.<\/p>\n\n\n\n<p>Zharmonizowanie kana\u0142u energetycznego prowokuje przywracanie dobrej kondycji w pracy wszystkich organ\u00f3w wewn\u0119trznych, prawid\u0142owej gospodarki hormonalnej a tym samym utrzymanie cia\u0142a w permanentnej m\u0142odo\u015bci.<\/p>\n\n\n\n<p><strong>Uwaga!<\/strong><\/p>\n\n\n\n<hr class=\"wp-block-separator has-alpha-channel-opacity\"\/>\n\n\n\n<p><em>Zastrzegam jednak, \u017ce konsekwencj\u0105 doprowadzania cia\u0142a energetycznego (emocjonalnego) do harmonii z wykorzystaniem wibracji i kompozycji olejk\u00f3w mo\u017ce by\u0107 prowokacj\u0105 do podejmowania zmian \u017cyciowych w tych dziedzinach naszego funkcjonowania (w zwi\u0105zkach, wykonywanej pracy, miejsca pracy, zamieszkania, ludzi wok\u00f3\u0142 nas), kt\u00f3re sprowokowa\u0142y stan naszej nier\u00f3wnowagi.<\/em><\/p>\n\n\n\n<p>Przed rozpocz\u0119ciem korzystania z olejk\u00f3w dobrze jest mie\u0107 zdiagnozowan\u0105 sytuacj\u0119 swojego stanu energetycznego, swoich pod\u015bwiadomych zapis\u00f3w, kt\u00f3re prowokuj\u0105 dan\u0105 nier\u00f3wnowag\u0119 czy to jako \u201ezag\u0119szczenia\u201d w ciele fizycznym w postaci stwierdzonej wg medycyny konwencjonalnej choroby czy te\u017c prze\u017cywanej w naszym odczuciu \u201epora\u017cki \u017cyciowej\u201d, w innym przypadku olejki (zapach) mog\u0105 dzia\u0142a\u0107 na Twoj\u0105 szkod\u0119.<\/p>\n\n\n\n<blockquote class=\"wp-block-quote is-layout-flow wp-block-quote-is-layout-flow\">\n<p class=\"has-text-align-right\">Anna Maria Gletschmann<\/p>\n\n\n\n<hr class=\"wp-block-separator has-alpha-channel-opacity\"\/>\n<\/blockquote>\n\n\n\n<blockquote class=\"wp-block-quote is-layout-flow wp-block-quote-is-layout-flow\">\n<blockquote class=\"wp-block-quote is-layout-flow wp-block-quote-is-layout-flow\">\n<p>Zastrze\u017cenie prawne:<\/p>\n\n\n\n<p>Prezentowane kompozycje zapachowe nie zast\u0119puj\u0105 konwencjonalnych metod leczenia.<\/p>\n<\/blockquote>\n<\/blockquote>\n\n\n\n<p><\/p>","protected":false},"excerpt":{"rendered":"<p>Mo\u017ce jeszcze nie wiesz, ale od ponad 20 lat zajmuj\u0119 si\u0119 doradztwem \u017cyciowym z wykorzystaniem niekonwencjonalnych metod. W swojej autorskiej metodzie pracy z w\u0142asn\u0105 matryc\u0105 energetyczn\u0105 odkrywam natur\u0119 mojego Klienta, jego talenty i wyzwania zaplanowane do do\u015bwiadczenia w tym wcieleniu. Wi\u0119cej o tym mo\u017cesz przeczyta\u0107 w tek\u015bcie o Metodzie Metamorfozis. Traktuj\u0105c w pracy z Klientem [&hellip;]<\/p>\n","protected":false},"author":1,"featured_media":0,"comment_status":"closed","ping_status":"closed","sticky":false,"template":"","format":"standard","meta":{"footnotes":""},"categories":[343,337],"tags":[336,355,350,351,354,352],"class_list":["post-28326","post","type-post","status-publish","format-standard","hentry","category-czlowiek-istota-energetyczna","category-matryca-energetyczna","tag-matryca-energetyczna","tag-metoda-metamorfozis","tag-olejek","tag-olejki","tag-wlasna-matryca","tag-zapach"],"_links":{"self":[{"href":"https:\/\/www.metamorfozis.pl\/en\/wp-json\/wp\/v2\/posts\/28326","targetHints":{"allow":["GET"]}}],"collection":[{"href":"https:\/\/www.metamorfozis.pl\/en\/wp-json\/wp\/v2\/posts"}],"about":[{"href":"https:\/\/www.metamorfozis.pl\/en\/wp-json\/wp\/v2\/types\/post"}],"author":[{"embeddable":true,"href":"https:\/\/www.metamorfozis.pl\/en\/wp-json\/wp\/v2\/users\/1"}],"replies":[{"embeddable":true,"href":"https:\/\/www.metamorfozis.pl\/en\/wp-json\/wp\/v2\/comments?post=28326"}],"version-history":[{"count":4,"href":"https:\/\/www.metamorfozis.pl\/en\/wp-json\/wp\/v2\/posts\/28326\/revisions"}],"predecessor-version":[{"id":28377,"href":"https:\/\/www.metamorfozis.pl\/en\/wp-json\/wp\/v2\/posts\/28326\/revisions\/28377"}],"wp:attachment":[{"href":"https:\/\/www.metamorfozis.pl\/en\/wp-json\/wp\/v2\/media?parent=28326"}],"wp:term":[{"taxonomy":"category","embeddable":true,"href":"https:\/\/www.metamorfozis.pl\/en\/wp-json\/wp\/v2\/categories?post=28326"},{"taxonomy":"post_tag","embeddable":true,"href":"https:\/\/www.metamorfozis.pl\/en\/wp-json\/wp\/v2\/tags?post=28326"}],"curies":[{"name":"wp","href":"https:\/\/api.w.org\/{rel}","templated":true}]}}