{"id":28341,"date":"2026-03-04T19:38:00","date_gmt":"2026-03-04T18:38:00","guid":{"rendered":"https:\/\/www.metamorfozis.pl\/?p=28341"},"modified":"2026-03-04T22:09:03","modified_gmt":"2026-03-04T21:09:03","slug":"kompozycje-zapachow-olejki-czakra-gardla","status":"publish","type":"post","link":"https:\/\/www.metamorfozis.pl\/en\/kompozycje-zapachow-olejki-czakra-gardla\/","title":{"rendered":"Kompozycje zapach\u00f3w &#8211; olejki &#8211; czakra gard\u0142a"},"content":{"rendered":"<p>Je\u017celi w ciele fizycznym masz:<\/p>\n\n\n\n<ul class=\"wp-block-list\">\n<li>choroby tarczycy,<\/li>\n\n\n\n<li>predyspozycje do cz\u0119stych infekcji gard\u0142a, krtani,<\/li>\n\n\n\n<li>odczuwasz fizyczne problemy w cz\u0119\u015bci szyjnej kr\u0119gos\u0142upa, szczeg\u00f3lnie po nocnym \u015bnie,<\/li>\n<\/ul>\n\n\n\n<p>Je\u017celi emocjonalnie bardzo cz\u0119sto:<\/p>\n\n\n\n<ul class=\"wp-block-list\">\n<li>nie masz odwagi m\u00f3wi\u0107 co my\u015blisz, wolisz milcze\u0107 mimo, \u017ce masz os\u0105d w danej sprawie,<\/li>\n\n\n\n<li>nie umiesz ocenia\u0107 jako\u015bci swoich uczu\u0107, nie umiesz rozmawia\u0107 o swoich uczuciach do bliskich Ci os\u00f3b,<\/li>\n\n\n\n<li>nie m\u00f3wisz o prze\u017cyciach dotycz\u0105cych seksualno\u015bci nawet z partnerem, ok\u0142amujesz si\u0119, nosz\u0105c w sobie zawstydzenie, poczucie winy,<\/li>\n\n\n\n<li>nie potrafisz w spos\u00f3b \u0142agodny rozmawia\u0107 i negocjowa\u0107, wyra\u017caj\u0105c r\u00f3wnocze\u015bnie szacunek do siebie i os\u00f3b, z kt\u00f3rymi jeste\u015b w do\u015bwiadczaniu <\/li>\n\n\n\n<li>masz mocne emocje przy s\u0142uchaniu innych, zauwa\u017casz w sobie z\u0142o\u015b\u0107 i ma\u0142\u0105 tolerancj\u0119<\/li>\n<\/ul>\n\n\n\n<p>to na pewno nier\u00f3wnowaga jest w obr\u0119bie centrum energetycznego nazywanego Czakr\u0105 Gard\u0142a.<\/p>\n\n\n\n<p>Wspieraj\u0105c\u0105 harmonizowanie tej czakry b\u0119dzie jedna z trzech poni\u017cszych, przygotowanych przeze mnie kompozycji zapach\u00f3w. Ka\u017cda z nich ma swoj\u0105 szczeg\u00f3ln\u0105 wibracj\u0119, uspokaja oddech, od\u015bwie\u017ca umys\u0142, dodaje energii do klarownego wyra\u017cania my\u015bli oraz wzmacnia po\u0142\u0105czenie z Twoj\u0105 indywidualno\u015bci\u0105 aby\u015b m\u00f3g\u0142 odwa\u017cnie wyra\u017ca\u0107 to co w danym temacie czy sprawie czuje Twoje serce \u2764\ufe0f<\/p>\n\n\n\n<p><strong>Kompozycja I<\/strong> sk\u0142ada si\u0119 z Sza\u0142wi, Eukaliptusa, Drzewa Sanda\u0142owego &#8211; ta kompozycja wzmacnia Twoj\u0105 odwag\u0119 nazywania my\u015bli w sferze zwi\u0105zanej z seksualno\u015bci\u0105. Otwiera Cie na odwa\u017cne wybieranie do\u015bwiadcze\u0144 zwi\u0105zanych ze spe\u0142nieniem si\u0119 na tym poziomie.<\/p>\n\n\n\n<p><strong>Kompozycja II<\/strong> sk\u0142ada si\u0119 z Sza\u0142wi, Ja\u015bminu, R\u00f3\u017cy. Kompozycja ta wzmacnia Twoj\u0105 odwag\u0119 w nazywaniu uczu\u0107, \u0142\u0105czy seksualno\u015b\u0107 z mi\u0142o\u015bci\u0105, pozwala w spos\u00f3b \u0142agodny wyra\u017ca\u0107 prawd\u0119 dotycz\u0105c\u0105 wzajemnego funkcjonowania w zwi\u0105zkach (na wzmocnienie przy rozstaniach w nieudanych zwi\u0105zkach).<\/p>\n\n\n\n<p><strong>Kompozycja III<\/strong> sk\u0142ada si\u0119 z Drzewa Sanda\u0142owego, Sza\u0142wi, R\u00f3\u017cy. Kompozycja ta wzmacnia wyra\u017canie swoich my\u015bli i stwarzanie ciep\u0142ego klimatu i wzajemnego szacunku w obcowaniu z innymi.<\/p>\n\n\n\n<p><\/p>\n\n\n\n<blockquote class=\"wp-block-quote is-layout-flow wp-block-quote-is-layout-flow\">\n<hr class=\"wp-block-separator has-alpha-channel-opacity\"\/>\n\n\n\n<p>Przy przygotowaniu kompozycji najlepiej u\u017cywa\u0107 olejk\u00f3w naturalnych. Warto te\u017c zwr\u00f3ci\u0107 uwag\u0119 czy maj\u0105 one stosowne certyfikaty.<\/p>\n<\/blockquote>\n\n\n\n<p>Wprowadzenie zapachu &#8211; wibracji w przestrzeni struktury cia\u0142a emocjonalnego nie wymaga specjalnych zabieg\u00f3w czy rytua\u0142\u00f3w. Zapach, podobnie jak d\u017awi\u0119k, rozprzestrzenia si\u0119 zmieniaj\u0105c wibracje pola Wystarczy wi\u0119c, \u017ce naniesiesz go w niewielkiej ilo\u015bci na sk\u00f3r\u0119 nadgarstka \u2764\ufe0f<\/p>\n\n\n\n<p>Wibracje w postaci D\u017awi\u0119k\u00f3w i zapach\u00f3w wykorzystuje w terapii prowadzonej <a href=\"https:\/\/www.metamorfozis.pl\/en\/metoda-metamorfozis\/\" data-type=\"page\" data-id=\"26766\">Metod\u0105 Metamorfozis<\/a> z wykorzystaniem wizualizacji. Wi\u0119cej informacji o terapii znajdziesz w <a href=\"https:\/\/www.metamorfozis.pl\/en\/sesje-terapii-indywidualnej\/\" data-type=\"post\" data-id=\"28088\">Sesje terapii indywidualnej<\/a>.<\/p>\n\n\n\n<p class=\"has-text-align-right\">Anna Maria Gletschmann<\/p>","protected":false},"excerpt":{"rendered":"<p>Je\u017celi w ciele fizycznym masz: Je\u017celi emocjonalnie bardzo cz\u0119sto: to na pewno nier\u00f3wnowaga jest w obr\u0119bie centrum energetycznego nazywanego Czakr\u0105 Gard\u0142a. Wspieraj\u0105c\u0105 harmonizowanie tej czakry b\u0119dzie jedna z trzech poni\u017cszych, przygotowanych przeze mnie kompozycji zapach\u00f3w. Ka\u017cda z nich ma swoj\u0105 szczeg\u00f3ln\u0105 wibracj\u0119, uspokaja oddech, od\u015bwie\u017ca umys\u0142, dodaje energii do klarownego wyra\u017cania my\u015bli oraz wzmacnia po\u0142\u0105czenie [&hellip;]<\/p>\n","protected":false},"author":1,"featured_media":0,"comment_status":"closed","ping_status":"closed","sticky":false,"template":"","format":"standard","meta":{"footnotes":""},"categories":[343,337,363],"tags":[382,344,365,379,367,375,336,377,351,380,378,381,352],"class_list":["post-28341","post","type-post","status-publish","format-standard","hentry","category-czlowiek-istota-energetyczna","category-matryca-energetyczna","category-wibracje-zapachow-olejki","tag-czakra-gardla","tag-czakry","tag-drzewo-sandalowe","tag-eukaliptus","tag-jasmin","tag-komunikacja","tag-matryca-energetyczna","tag-odchudzanie","tag-olejki","tag-roza","tag-szalwia","tag-wyrazanie-siebie","tag-zapach"],"_links":{"self":[{"href":"https:\/\/www.metamorfozis.pl\/en\/wp-json\/wp\/v2\/posts\/28341","targetHints":{"allow":["GET"]}}],"collection":[{"href":"https:\/\/www.metamorfozis.pl\/en\/wp-json\/wp\/v2\/posts"}],"about":[{"href":"https:\/\/www.metamorfozis.pl\/en\/wp-json\/wp\/v2\/types\/post"}],"author":[{"embeddable":true,"href":"https:\/\/www.metamorfozis.pl\/en\/wp-json\/wp\/v2\/users\/1"}],"replies":[{"embeddable":true,"href":"https:\/\/www.metamorfozis.pl\/en\/wp-json\/wp\/v2\/comments?post=28341"}],"version-history":[{"count":4,"href":"https:\/\/www.metamorfozis.pl\/en\/wp-json\/wp\/v2\/posts\/28341\/revisions"}],"predecessor-version":[{"id":28384,"href":"https:\/\/www.metamorfozis.pl\/en\/wp-json\/wp\/v2\/posts\/28341\/revisions\/28384"}],"wp:attachment":[{"href":"https:\/\/www.metamorfozis.pl\/en\/wp-json\/wp\/v2\/media?parent=28341"}],"wp:term":[{"taxonomy":"category","embeddable":true,"href":"https:\/\/www.metamorfozis.pl\/en\/wp-json\/wp\/v2\/categories?post=28341"},{"taxonomy":"post_tag","embeddable":true,"href":"https:\/\/www.metamorfozis.pl\/en\/wp-json\/wp\/v2\/tags?post=28341"}],"curies":[{"name":"wp","href":"https:\/\/api.w.org\/{rel}","templated":true}]}}