{"id":28538,"date":"2026-03-08T13:20:48","date_gmt":"2026-03-08T12:20:48","guid":{"rendered":"https:\/\/www.metamorfozis.pl\/?p=28538"},"modified":"2026-03-08T13:21:41","modified_gmt":"2026-03-08T12:21:41","slug":"o-czakrach-slow-wiecej-niz-kilka","status":"publish","type":"post","link":"https:\/\/www.metamorfozis.pl\/en\/o-czakrach-slow-wiecej-niz-kilka\/","title":{"rendered":"O czakrach s\u0142\u00f3w wi\u0119cej ni\u017c kilka"},"content":{"rendered":"<p>Kochani! Zaprezentowa\u0142am Wam ostatnio receptury do wykorzystania przy mieszaniu olejk\u00f3w do harmonizowania poszczeg\u00f3lnych czakr. Mo\u017ce warto to uzupe\u0142ni\u0107 o informacje na temat samych czakr. Zapraszam do obejrzenia nagrania z prezentacj\u0105 informacji w tym temacie.<\/p>\n\n\n\n<p>Nagranie pochodzi z cyklu Wieczorna Kawka z Ani\u0105.<\/p>\n\n\n\n<p><\/p>\n\n\n\n<figure class=\"wp-block-embed is-type-video is-provider-youtube wp-block-embed-youtube wp-embed-aspect-16-9 wp-has-aspect-ratio\"><div class=\"wp-block-embed__wrapper\">\n<iframe loading=\"lazy\" title=\"Kawka o czakrach\" width=\"500\" height=\"281\" src=\"https:\/\/www.youtube.com\/embed\/iVahc92lXlM?feature=oembed\" frameborder=\"0\" allow=\"accelerometer; autoplay; clipboard-write; encrypted-media; gyroscope; picture-in-picture; web-share\" referrerpolicy=\"strict-origin-when-cross-origin\" allowfullscreen><\/iframe>\n<\/div><\/figure>","protected":false},"excerpt":{"rendered":"<p>Kochani! Zaprezentowa\u0142am Wam ostatnio receptury do wykorzystania przy mieszaniu olejk\u00f3w do harmonizowania poszczeg\u00f3lnych czakr. Mo\u017ce warto to uzupe\u0142ni\u0107 o informacje na temat samych czakr. Zapraszam do obejrzenia nagrania z prezentacj\u0105 informacji w tym temacie. Nagranie pochodzi z cyklu Wieczorna Kawka z Ani\u0105.<\/p>","protected":false},"author":1,"featured_media":0,"comment_status":"closed","ping_status":"closed","sticky":false,"template":"","format":"standard","meta":{"footnotes":""},"categories":[343,337,363,400],"tags":[407,382,387,356,364,389,390,388,344,399,398],"class_list":["post-28538","post","type-post","status-publish","format-standard","hentry","category-czlowiek-istota-energetyczna","category-matryca-energetyczna","category-wibracje-zapachow-olejki","category-wzorzec-energii-zenskiej-i-meskiej-harmonijne-wspolistnienie","tag-czakra","tag-czakra-gardla","tag-czakra-korony","tag-czakra-podstawy","tag-czakra-sakralna","tag-czakra-serca","tag-czakra-splotu-slonecznego","tag-czakra-trzeciego-oka","tag-czakry","tag-harmonijne-wspolistnienie","tag-wzorzec-energii-meskiej-i-zenskiej"],"_links":{"self":[{"href":"https:\/\/www.metamorfozis.pl\/en\/wp-json\/wp\/v2\/posts\/28538","targetHints":{"allow":["GET"]}}],"collection":[{"href":"https:\/\/www.metamorfozis.pl\/en\/wp-json\/wp\/v2\/posts"}],"about":[{"href":"https:\/\/www.metamorfozis.pl\/en\/wp-json\/wp\/v2\/types\/post"}],"author":[{"embeddable":true,"href":"https:\/\/www.metamorfozis.pl\/en\/wp-json\/wp\/v2\/users\/1"}],"replies":[{"embeddable":true,"href":"https:\/\/www.metamorfozis.pl\/en\/wp-json\/wp\/v2\/comments?post=28538"}],"version-history":[{"count":2,"href":"https:\/\/www.metamorfozis.pl\/en\/wp-json\/wp\/v2\/posts\/28538\/revisions"}],"predecessor-version":[{"id":28540,"href":"https:\/\/www.metamorfozis.pl\/en\/wp-json\/wp\/v2\/posts\/28538\/revisions\/28540"}],"wp:attachment":[{"href":"https:\/\/www.metamorfozis.pl\/en\/wp-json\/wp\/v2\/media?parent=28538"}],"wp:term":[{"taxonomy":"category","embeddable":true,"href":"https:\/\/www.metamorfozis.pl\/en\/wp-json\/wp\/v2\/categories?post=28538"},{"taxonomy":"post_tag","embeddable":true,"href":"https:\/\/www.metamorfozis.pl\/en\/wp-json\/wp\/v2\/tags?post=28538"}],"curies":[{"name":"wp","href":"https:\/\/api.w.org\/{rel}","templated":true}]}}