{"id":28648,"date":"2026-03-13T12:53:42","date_gmt":"2026-03-13T11:53:42","guid":{"rendered":"https:\/\/www.metamorfozis.pl\/?p=28648"},"modified":"2026-03-13T12:53:42","modified_gmt":"2026-03-13T11:53:42","slug":"kim-jestesmy-ciala-subtelne-czlowieka","status":"publish","type":"post","link":"https:\/\/www.metamorfozis.pl\/en\/kim-jestesmy-ciala-subtelne-czlowieka\/","title":{"rendered":"Kim jeste\u015bmy &#8211; Cia\u0142a subtelne cz\u0142owieka"},"content":{"rendered":"<p>Zapraszamy do obejrzenia fragmentu Warsztat\u00f3w w obszarze &#8222;Kim jeste\u015bmy? Jak to widzi Anna?&#8221;<\/p>\n\n\n\n<p><strong>Praca z w\u0142asn\u0105&nbsp;<em>Matryc\u0105<\/em>&nbsp;energetyczn\u0105.<\/strong>&nbsp;<em>Wzorzec energii<\/em>&nbsp;m\u0119skiej i \u017ce\u0144skiej.&nbsp;<em>Harmonijne wsp\u00f3\u0142istnienie.<\/em><\/p>\n\n\n\n<p>Warsztaty odby\u0142y si\u0119 online w dniach 4-6.01.2025<\/p>\n\n\n\n<p><\/p>\n\n\n\n<figure class=\"wp-block-embed is-type-video is-provider-youtube wp-block-embed-youtube wp-embed-aspect-16-9 wp-has-aspect-ratio\"><div class=\"wp-block-embed__wrapper\">\n<iframe loading=\"lazy\" title=\"Kim jeste\u015bmy - Cia\u0142a subtelne cz\u0142owieka\" width=\"500\" height=\"281\" src=\"https:\/\/www.youtube.com\/embed\/zDN85BO1MJU?feature=oembed\" frameborder=\"0\" allow=\"accelerometer; autoplay; clipboard-write; encrypted-media; gyroscope; picture-in-picture; web-share\" referrerpolicy=\"strict-origin-when-cross-origin\" allowfullscreen><\/iframe>\n<\/div><\/figure>","protected":false},"excerpt":{"rendered":"<p>Zapraszamy do obejrzenia fragmentu Warsztat\u00f3w w obszarze &#8222;Kim jeste\u015bmy? Jak to widzi Anna?&#8221; Praca z w\u0142asn\u0105&nbsp;Matryc\u0105&nbsp;energetyczn\u0105.&nbsp;Wzorzec energii&nbsp;m\u0119skiej i \u017ce\u0144skiej.&nbsp;Harmonijne wsp\u00f3\u0142istnienie. Warsztaty odby\u0142y si\u0119 online w dniach 4-6.01.2025<\/p>","protected":false},"author":1,"featured_media":0,"comment_status":"closed","ping_status":"closed","sticky":false,"template":"","format":"standard","meta":{"footnotes":""},"categories":[343,337,409,400],"tags":[414,336],"class_list":["post-28648","post","type-post","status-publish","format-standard","hentry","category-czlowiek-istota-energetyczna","category-matryca-energetyczna","category-wlasna-matryca-energetyczna","category-wzorzec-energii-zenskiej-i-meskiej-harmonijne-wspolistnienie","tag-ciala-subtelne","tag-matryca-energetyczna"],"_links":{"self":[{"href":"https:\/\/www.metamorfozis.pl\/en\/wp-json\/wp\/v2\/posts\/28648","targetHints":{"allow":["GET"]}}],"collection":[{"href":"https:\/\/www.metamorfozis.pl\/en\/wp-json\/wp\/v2\/posts"}],"about":[{"href":"https:\/\/www.metamorfozis.pl\/en\/wp-json\/wp\/v2\/types\/post"}],"author":[{"embeddable":true,"href":"https:\/\/www.metamorfozis.pl\/en\/wp-json\/wp\/v2\/users\/1"}],"replies":[{"embeddable":true,"href":"https:\/\/www.metamorfozis.pl\/en\/wp-json\/wp\/v2\/comments?post=28648"}],"version-history":[{"count":1,"href":"https:\/\/www.metamorfozis.pl\/en\/wp-json\/wp\/v2\/posts\/28648\/revisions"}],"predecessor-version":[{"id":28649,"href":"https:\/\/www.metamorfozis.pl\/en\/wp-json\/wp\/v2\/posts\/28648\/revisions\/28649"}],"wp:attachment":[{"href":"https:\/\/www.metamorfozis.pl\/en\/wp-json\/wp\/v2\/media?parent=28648"}],"wp:term":[{"taxonomy":"category","embeddable":true,"href":"https:\/\/www.metamorfozis.pl\/en\/wp-json\/wp\/v2\/categories?post=28648"},{"taxonomy":"post_tag","embeddable":true,"href":"https:\/\/www.metamorfozis.pl\/en\/wp-json\/wp\/v2\/tags?post=28648"}],"curies":[{"name":"wp","href":"https:\/\/api.w.org\/{rel}","templated":true}]}}