{"id":28650,"date":"2026-03-14T18:24:55","date_gmt":"2026-03-14T17:24:55","guid":{"rendered":"https:\/\/www.metamorfozis.pl\/?p=28650"},"modified":"2026-03-14T18:24:55","modified_gmt":"2026-03-14T17:24:55","slug":"kim-jestesmy-centra-energetyczne-czlowieka-czakry","status":"publish","type":"post","link":"https:\/\/www.metamorfozis.pl\/en\/kim-jestesmy-centra-energetyczne-czlowieka-czakry\/","title":{"rendered":"Kim jeste\u015bmy &#8211; Centra energetyczne cz\u0142owieka &#8211; czakry"},"content":{"rendered":"<p>Zapraszamy do obejrzenia fragmentu Warsztat\u00f3w w obszarze \u201eKim jeste\u015bmy? Jak to widzi Anna?\u201d<\/p>\n\n\n\n<p><strong>Praca z w\u0142asn\u0105&nbsp;<em>Matryc\u0105<\/em>&nbsp;energetyczn\u0105.<\/strong>&nbsp;<em>Wzorzec energii<\/em>&nbsp;m\u0119skiej i \u017ce\u0144skiej.&nbsp;<em>Harmonijne wsp\u00f3\u0142istnienie.<\/em><\/p>\n\n\n\n<p>Warsztaty odby\u0142y si\u0119 online w dniach 4-6.01.2025<\/p>\n\n\n\n<figure class=\"wp-block-embed is-type-video is-provider-youtube wp-block-embed-youtube wp-embed-aspect-16-9 wp-has-aspect-ratio\"><div class=\"wp-block-embed__wrapper\">\n<iframe loading=\"lazy\" title=\"Kim jeste\u015bmy - Centra energetyczne cz\u0142owieka\" width=\"500\" height=\"281\" src=\"https:\/\/www.youtube.com\/embed\/xK3ZDlswx5Q?feature=oembed\" frameborder=\"0\" allow=\"accelerometer; autoplay; clipboard-write; encrypted-media; gyroscope; picture-in-picture; web-share\" referrerpolicy=\"strict-origin-when-cross-origin\" allowfullscreen><\/iframe>\n<\/div><\/figure>","protected":false},"excerpt":{"rendered":"<p>Zapraszamy do obejrzenia fragmentu Warsztat\u00f3w w obszarze \u201eKim jeste\u015bmy? Jak to widzi Anna?\u201d Praca z w\u0142asn\u0105&nbsp;Matryc\u0105&nbsp;energetyczn\u0105.&nbsp;Wzorzec energii&nbsp;m\u0119skiej i \u017ce\u0144skiej.&nbsp;Harmonijne wsp\u00f3\u0142istnienie. Warsztaty odby\u0142y si\u0119 online w dniach 4-6.01.2025<\/p>","protected":false},"author":1,"featured_media":0,"comment_status":"closed","ping_status":"closed","sticky":false,"template":"","format":"standard","meta":{"footnotes":""},"categories":[343,337,409,400],"tags":[344,336,345],"class_list":["post-28650","post","type-post","status-publish","format-standard","hentry","category-czlowiek-istota-energetyczna","category-matryca-energetyczna","category-wlasna-matryca-energetyczna","category-wzorzec-energii-zenskiej-i-meskiej-harmonijne-wspolistnienie","tag-czakry","tag-matryca-energetyczna","tag-numerologia"],"_links":{"self":[{"href":"https:\/\/www.metamorfozis.pl\/en\/wp-json\/wp\/v2\/posts\/28650","targetHints":{"allow":["GET"]}}],"collection":[{"href":"https:\/\/www.metamorfozis.pl\/en\/wp-json\/wp\/v2\/posts"}],"about":[{"href":"https:\/\/www.metamorfozis.pl\/en\/wp-json\/wp\/v2\/types\/post"}],"author":[{"embeddable":true,"href":"https:\/\/www.metamorfozis.pl\/en\/wp-json\/wp\/v2\/users\/1"}],"replies":[{"embeddable":true,"href":"https:\/\/www.metamorfozis.pl\/en\/wp-json\/wp\/v2\/comments?post=28650"}],"version-history":[{"count":1,"href":"https:\/\/www.metamorfozis.pl\/en\/wp-json\/wp\/v2\/posts\/28650\/revisions"}],"predecessor-version":[{"id":28651,"href":"https:\/\/www.metamorfozis.pl\/en\/wp-json\/wp\/v2\/posts\/28650\/revisions\/28651"}],"wp:attachment":[{"href":"https:\/\/www.metamorfozis.pl\/en\/wp-json\/wp\/v2\/media?parent=28650"}],"wp:term":[{"taxonomy":"category","embeddable":true,"href":"https:\/\/www.metamorfozis.pl\/en\/wp-json\/wp\/v2\/categories?post=28650"},{"taxonomy":"post_tag","embeddable":true,"href":"https:\/\/www.metamorfozis.pl\/en\/wp-json\/wp\/v2\/tags?post=28650"}],"curies":[{"name":"wp","href":"https:\/\/api.w.org\/{rel}","templated":true}]}}